{"id":423,"date":"2020-01-02T19:30:09","date_gmt":"2020-01-02T19:30:09","guid":{"rendered":"http:\/\/petravonthienen.de\/?p=423"},"modified":"2022-11-01T15:33:36","modified_gmt":"2022-11-01T15:33:36","slug":"mering-blueht-und-summt","status":"publish","type":"post","link":"https:\/\/petravonthienen.de\/?p=423","title":{"rendered":"Mering bl\u00fcht und summt"},"content":{"rendered":"\n<p>Auf dem Titelbild dieses Beitrags sehen Sie den Stieglitz, auch Distelfink genannt. Er war <a rel=\"noreferrer noopener\" aria-label=\"Vogel des Jahres 2016 (\u00f6ffnet in neuem Tab)\" href=\"https:\/\/www.nabu.de\/tiere-und-pflanzen\/aktionen-und-projekte\/vogel-des-jahres\/stieglitz\/index.html\" target=\"_blank\">Vogel des Jahres 2016<\/a> und ist ein Botschafter f\u00fcr mehr Artenvielfalt und Farbe in Agrarr\u00e4umen und Siedlungsbereichen. <\/p>\n\n\n\n<p>Sp\u00e4testens seit dem Volksgbegehren &#8222;Rettet die Bienen&#8220; ist uns klar, dass wir aktiv etwas f\u00fcr den Erhalt unserer Natur und der Artenvielfalt tun m\u00fcssen, denn anders l\u00e4sst sich die negative Entwicklung nicht mehr aufhalten. Und es ist auch nicht mit dem Ans\u00e4en von ein paar h\u00fcbschen Blumenwiesen getan, die dann wom\u00f6glich im n\u00e4chsten Jahr wieder brach liegen.<\/p>\n\n\n\n<p>Auch im Siedlungsbereich kann eine Kommune gemeinsam mit ihren B\u00fcrgerinnen und B\u00fcrgern vieles tun. Ein sehr gutes Beispiel ist die Gemeinde Haar. Sie ist Mitglied im B\u00fcndnis \u201e<a rel=\"noreferrer noopener\" href=\"https:\/\/www.kommbio.de\/home\/\" target=\"_blank\">Kommunen f\u00fcr biologische Vielfalt<\/a>\u201c und hat erst vor kurzem den <a rel=\"noreferrer noopener\" href=\"https:\/\/www.gemeinde-haar.de\/aktuelles\/26_09_2019_ausgezeichnet_naturnah\" target=\"_blank\">Preis des Labels \u201eStadtgr\u00fcn naturnah\u201c gewonnen<\/a>.  Im Novemer 2019 hatten wir Michael von Ferrari vom Umweltreferat der Gemeinde Haar bei unserem Stammtisch zu Gast. Er stellte uns das &#8222;<a rel=\"noreferrer noopener\" aria-label=\"Haarer Modell (\u00f6ffnet in neuem Tab)\" href=\"https:\/\/www.reinhard-witt.de\/aktuelle-projekte\/nachhaltige-gruenflaechen\/haarer-modell\/\" target=\"_blank\">Haarer Modell<\/a>&#8220; der naturnahen Gestaltung \u00f6ffentlicher Gr\u00fcnfl\u00e4chen  vor. <\/p>\n\n\n\n<p>Vieles davon lie\u00dfe sich auch in Mering leicht umsetzen, beispielsweise die Gestaltung von Magerrasen-Gr\u00fcnfl\u00e4chen auf \u00f6ffentlichen Fl\u00e4chen. Dies l\u00e4sst sich auch sehr gut mit einem Patenschaftsmodell verbinden, bei dem die Gemeinde die Fl\u00e4che herstellt und Anwohner sich um deren Pflege k\u00fcmmern.<\/p>\n\n\n\n<p>Potentiell geeignete Fl\u00e4chen gibt es in Mering gen\u00fcgend. Dies ist eines meiner Projekte, die ich mit Ihnen gemeinsam umsetzen m\u00f6chte. <\/p>\n\n\n\n<p>Haben Sie Interesse, an diesem Projekt mitzuarbeiten? Dann schreiben Sie mir. Ich freue mich auf ein bl\u00fcten- und artenreiches 2020.<\/p>\n\n\n\n<p><a href=\"https:\/\/petravonthienen.de\/?p=671\">Hier erfahren Sie<\/a>, wie es mit \u201eMering bl\u00fcht und summt\u201c weitergegangen ist. <\/p>\n\n\n\n<h3 class=\"wp-block-heading\">Literatur<\/h3>\n\n\n\n<p>Dr. Reinhard Witt: <a rel=\"noreferrer noopener\" aria-label=\"Das Haarer Modell (\u00f6ffnet in neuem Tab)\" href=\"https:\/\/www.lovelybooks.de\/autor\/Reinhard-Witt\/Das-Haarer-Modell-2317073035-w\/\" target=\"_blank\">Das Haarer Modell<\/a>, 80 Seiten, <strong>Verlag:<\/strong> Witt, Reinhard, Dr.; Auflage: 1 (1. Oktober 2019), <strong>ISBN-10:<\/strong> 3981857348, <strong>ISBN-13:<\/strong> 978-3981857344 <\/p>\n","protected":false},"excerpt":{"rendered":"<p>Auf dem Titelbild dieses Beitrags sehen Sie den Stieglitz, auch Distelfink genannt. Er war Vogel des Jahres 2016 und ist ein Botschafter f\u00fcr mehr Artenvielfalt und Farbe in Agrarr\u00e4umen und Siedlungsbereichen.<br \/>\nSp\u00e4testens seit dem Volksgbegehren &#8222;Rettet die Bienen&#8220; ist uns klar, dass wir aktiv etwas f\u00fcr den Erhalt unserer Natur und der Artenvielfalt tun m\u00fcssen, denn anders l\u00e4sst sich die negative Entwicklung nicht mehr aufhalten. <\/p>\n","protected":false},"author":2,"featured_media":426,"comment_status":"open","ping_status":"open","sticky":true,"template":"","format":"standard","meta":{"_jetpack_memberships_contains_paid_content":false,"footnotes":"","jetpack_publicize_message":"","jetpack_publicize_feature_enabled":true,"jetpack_social_post_already_shared":true,"jetpack_social_options":{"image_generator_settings":{"template":"highway","enabled":false}}},"categories":[4],"tags":[6,5],"jetpack_publicize_connections":[],"jetpack_sharing_enabled":true,"jetpack_featured_media_url":"https:\/\/i0.wp.com\/petravonthienen.de\/wp-content\/uploads\/2020\/01\/IMG_1558-Bearbeitet.jpg?fit=1037%2C688&ssl=1","_links":{"self":[{"href":"https:\/\/petravonthienen.de\/index.php?rest_route=\/wp\/v2\/posts\/423"}],"collection":[{"href":"https:\/\/petravonthienen.de\/index.php?rest_route=\/wp\/v2\/posts"}],"about":[{"href":"https:\/\/petravonthienen.de\/index.php?rest_route=\/wp\/v2\/types\/post"}],"author":[{"embeddable":true,"href":"https:\/\/petravonthienen.de\/index.php?rest_route=\/wp\/v2\/users\/2"}],"replies":[{"embeddable":true,"href":"https:\/\/petravonthienen.de\/index.php?rest_route=%2Fwp%2Fv2%2Fcomments&post=423"}],"version-history":[{"count":8,"href":"https:\/\/petravonthienen.de\/index.php?rest_route=\/wp\/v2\/posts\/423\/revisions"}],"predecessor-version":[{"id":841,"href":"https:\/\/petravonthienen.de\/index.php?rest_route=\/wp\/v2\/posts\/423\/revisions\/841"}],"wp:featuredmedia":[{"embeddable":true,"href":"https:\/\/petravonthienen.de\/index.php?rest_route=\/wp\/v2\/media\/426"}],"wp:attachment":[{"href":"https:\/\/petravonthienen.de\/index.php?rest_route=%2Fwp%2Fv2%2Fmedia&parent=423"}],"wp:term":[{"taxonomy":"category","embeddable":true,"href":"https:\/\/petravonthienen.de\/index.php?rest_route=%2Fwp%2Fv2%2Fcategories&post=423"},{"taxonomy":"post_tag","embeddable":true,"href":"https:\/\/petravonthienen.de\/index.php?rest_route=%2Fwp%2Fv2%2Ftags&post=423"}],"curies":[{"name":"wp","href":"https:\/\/api.w.org\/{rel}","templated":true}]}}