{"id":584,"date":"2020-02-16T18:04:42","date_gmt":"2020-02-16T18:04:42","guid":{"rendered":"http:\/\/petravonthienen.de\/?p=584"},"modified":"2020-02-16T20:07:48","modified_gmt":"2020-02-16T20:07:48","slug":"wir-wollen-mitreden-mitbestimmung-fuer-kinder-und-jugendliche","status":"publish","type":"post","link":"https:\/\/petravonthienen.de\/?p=584","title":{"rendered":"&#8222;Wir wollen mitreden&#8220; &#8211; Mitbestimmung f\u00fcr Kinder und Jugendliche"},"content":{"rendered":"\n<p>Die Mitbestimmungsm\u00f6glichkeiten f\u00fcr Kinder und Jugendliche zu f\u00f6rdern und zu fordern ist mir ein pers\u00f6nliches Anliegen. Wenn wir wollen, dass Erwachsene politisch interessierte und engagierte B\u00fcrger*innen sind, m\u00fcssen wir dieses Interesse schon im Kindesalter wecken. Wer soll denn Lust auf Politik bekommen, wenn sie\/er als Kind und Jugendlicher schon keine Stimme hatte?<\/p>\n\n\n\n<p>Wer k\u00f6nnte au\u00dferdem die Interessen der Kinder und Jugendlichen besser vertreten als sie selbst?<\/p>\n\n\n\n<h2 class=\"wp-block-heading\">Wahlrecht<\/h2>\n\n\n\n<p><strong>Das Wahlrecht ist ein menschenrechtlich abgesichertes Staatsb\u00fcrgerrecht. <\/strong><\/p>\n\n\n\n<p>In Deutschland ist das Wahlrecht durch die Unterzeichnung der Allgemeinen Erkl\u00e4rung der Menschenrechte sowie des UN-Zivilpakts, ein demokratisch legitimiertes Menschenrecht. Somit steht nach unserem Verst\u00e4ndnis allen Personen, welche in Deutschland leben, das Recht zu w\u00e4hlen zu.  Somit ist die Begrenzung des Wahlalters eigentlich &#8222;illegal&#8220;. <\/p>\n\n\n\n<p> Das Wahlalter ist nicht einheitlich geregelt und auch nicht in Stein gemei\u00dfelt. Einige Institutionen und Parteien fordern die Herabsetzung des Wahlalters (der Kinderschutzbund fordert zum Beispiel das Wahlrecht ab 14). <\/p>\n\n\n\n<p>In <strong>Brandenburg, Bremen, Hamburg und Schleswig-Holstein<\/strong> ist das Wahlalter f\u00fcr Landtagswahlen und Kommunalwahlen bei 16 Jahren. Das Wahlalter 16 f\u00fcr Kommunalwahlen gilt au\u00dferdem auch in <strong>Baden-W\u00fcrttemberg, Berlin, Mecklenburg-Vorpommern, Niedersachsen (als Vorreiter), Nordrhein-Westfalen, Sachsen-Anhalt und Th\u00fcringen<\/strong>. Damit d\u00fcrfen in 11 von 16 Bundesl\u00e4ndern Jugendliche ab 16 Jahren aktiv an den Kommunalwahlen teilnehmen, nicht aber in Bayern.<\/p>\n\n\n\n<h2 class=\"wp-block-heading\">Jugendparlamente<\/h2>\n\n\n\n<p><strong>In Bayern d\u00fcrfen Jugendliche erst ab 18 an den Kommunalwahlen und Landtagswahlen teilnehmen<\/strong>. Um trotzdem eine Beteiligungsm\u00f6glichkeit zu schaffen, gibt es in einigen St\u00e4dten und Gemeinden Jugendparlamente, so auch in Mering.<\/p>\n\n\n\n<p> Das Jugendparlament in Mering hat eine eigene Satzung und unter anderem <strong>Teilnahme- und Rederecht im Gemeinderat<\/strong>. Ich m\u00f6chte dieses Recht st\u00e4rken und es soll zum normalen Alltag werden, dass die Jugendlichen im Gremium sitzen. <\/p>\n\n\n\n<p>Aber auch an den <strong>Schulen und im Jugendzentrum<\/strong> muss das JUPA wieder angemessen Raum bekommen. Das Jugendzentrum ist eine kommunale Einrichtung und f\u00fcr alle Jugendlichen da. Die Schulen haben einen politischen Bildungsauftrag und die Jugendparlamente sind keine Partei, sondern die Vertretung der Jugendlichen am Ort. <\/p>\n\n\n\n<p>Politische Teilhabe entsteht erst, wenn die M\u00f6glichkeiten f\u00fcr (Inter)Aktion geschaffen werden. Hier sind alle Kr\u00e4fte in der Gesellschaft gefordert!<\/p>\n\n\n\n<h2 class=\"wp-block-heading\">Mitreden analog und digital<\/h2>\n\n\n\n<p> Sowohl im Landkreis als auch in der Gemeinde sollte es <strong>Sprechstunden f\u00fcr die Kinder und Jugendlichen<\/strong> geben. Diese k\u00f6nnen auch digital unterst\u00fctzt werden, indem man zum Beispiel \u00fcber ein Portal Ideen und W\u00fcnsche einbringen kann. <\/p>\n\n\n\n<p>Unser gr\u00fcner Landratskandidat hat dazu auch einiges zu sagen. <a rel=\"noreferrer noopener\" aria-label=\"Hier geht es zum Video (\u00f6ffnet in neuem Tab)\" href=\"https:\/\/youtu.be\/JpfLHq2hvrU\" target=\"_blank\">Hier geht es zu seinem Video<\/a>.<\/p>\n\n\n\n<p> <\/p>\n","protected":false},"excerpt":{"rendered":"<p>Die Mitbestimmungsm\u00f6glichkeiten f\u00fcr Kinder und Jugendliche zu f\u00f6rdern und zu fordern ist mir ein pers\u00f6nliches Anliegen. Wenn wir wollen, dass Erwachsene politisch interessierte und engagierte B\u00fcrger*innen sind, m\u00fcssen wir dieses Interesses schon im Kindesalter wecken. Wer soll denn Lust auf Politik bekommen, wenn sie\/er als Kind und Jugendlicher schon keine Stimme hatte?<br \/>\nWer k\u00f6nnte au\u00dferdem die Interessen der Kinder und Jugendlichen besser vertreten als sie selbst?<\/p>\n","protected":false},"author":2,"featured_media":451,"comment_status":"open","ping_status":"open","sticky":false,"template":"","format":"standard","meta":{"_jetpack_memberships_contains_paid_content":false,"footnotes":"","jetpack_publicize_message":"","jetpack_publicize_feature_enabled":true,"jetpack_social_post_already_shared":true,"jetpack_social_options":{"image_generator_settings":{"template":"highway","enabled":false}}},"categories":[4],"tags":[8],"jetpack_publicize_connections":[],"jetpack_sharing_enabled":true,"jetpack_featured_media_url":"https:\/\/i0.wp.com\/petravonthienen.de\/wp-content\/uploads\/2020\/01\/event-4513446_1920.jpg?fit=1920%2C1280&ssl=1","_links":{"self":[{"href":"https:\/\/petravonthienen.de\/index.php?rest_route=\/wp\/v2\/posts\/584"}],"collection":[{"href":"https:\/\/petravonthienen.de\/index.php?rest_route=\/wp\/v2\/posts"}],"about":[{"href":"https:\/\/petravonthienen.de\/index.php?rest_route=\/wp\/v2\/types\/post"}],"author":[{"embeddable":true,"href":"https:\/\/petravonthienen.de\/index.php?rest_route=\/wp\/v2\/users\/2"}],"replies":[{"embeddable":true,"href":"https:\/\/petravonthienen.de\/index.php?rest_route=%2Fwp%2Fv2%2Fcomments&post=584"}],"version-history":[{"count":22,"href":"https:\/\/petravonthienen.de\/index.php?rest_route=\/wp\/v2\/posts\/584\/revisions"}],"predecessor-version":[{"id":609,"href":"https:\/\/petravonthienen.de\/index.php?rest_route=\/wp\/v2\/posts\/584\/revisions\/609"}],"wp:featuredmedia":[{"embeddable":true,"href":"https:\/\/petravonthienen.de\/index.php?rest_route=\/wp\/v2\/media\/451"}],"wp:attachment":[{"href":"https:\/\/petravonthienen.de\/index.php?rest_route=%2Fwp%2Fv2%2Fmedia&parent=584"}],"wp:term":[{"taxonomy":"category","embeddable":true,"href":"https:\/\/petravonthienen.de\/index.php?rest_route=%2Fwp%2Fv2%2Fcategories&post=584"},{"taxonomy":"post_tag","embeddable":true,"href":"https:\/\/petravonthienen.de\/index.php?rest_route=%2Fwp%2Fv2%2Ftags&post=584"}],"curies":[{"name":"wp","href":"https:\/\/api.w.org\/{rel}","templated":true}]}}