{"id":842,"date":"2022-11-02T19:35:55","date_gmt":"2022-11-02T19:35:55","guid":{"rendered":"http:\/\/petravonthienen.de\/?p=842"},"modified":"2022-11-03T10:22:45","modified_gmt":"2022-11-03T10:22:45","slug":"energiewende-nimmt-in-mering-fahrt-auf","status":"publish","type":"post","link":"https:\/\/petravonthienen.de\/?p=842","title":{"rendered":"Energiewende nimmt in Mering Fahrt auf"},"content":{"rendered":"\n<p>Der Klimawandel und Putins Krieg machen es \u00fcberdeutlich &#8211; wir m\u00fcssen  weg von fossilen Energietr\u00e4gern und am besten unseren Strom und unsere  W\u00e4rme selbst erzeugen. <\/p>\n\n\n\n<p>Nach zwei gut besuchten Veranstaltungen in  Friedberg zum Thema \u201eEnergie in B\u00fcrgerhand\u201c konnten sich auch die  Meringerinnen und Meringer an einem Abend \u00fcber dieses Thema informieren. <\/p>\n\n\n\n<p>Zusammen mit B\u00fcrgermeister Florian  Mayer und dem Forum Zukunft hatte ich dazu eingeladen. Als  Referenten konnten wir Peter Mie\u00dfl von der B\u00fcrgerenergiegenossenschaft  Neuburg-Schrobenhausen-Aichach-Eichst\u00e4tt (BEG) und Laura und Thomas  Rebitzer (DoppelErnte) gewinnen.<\/p>\n\n\n\n<p>Der vollbesetzte Saal des Wasserhauses zeigte es deutlich: Die Meringerinnen und Meringer wollen die Energiewende selbst in die Hand nehmen. Dies zeigte auch schon das erste B\u00fcrgerprojekt,  das zusammen mit Marktgemeinde und BEG inzwischen in  Gestalt einer <a rel=\"noreferrer noopener\" aria-label=\"PV-Anlage auf dem Dach des Kindergarten Kapellenberg (\u00f6ffnet in neuem Tab)\" href=\"https:\/\/www.gruene-mering.de\/?p=3702\" target=\"_blank\">PV-Anlage auf dem Dach des Kindergarten Kapellenberg<\/a>  umgesetzt wurde. Aus meiner Sicht ist es enorm wichtig, dass die Gemeinde  die Energieerzeugung umfassend in die eigene Hand nimmt, um von  Gro\u00dfkonzernen, Weltmarkt und fossiler Energie unabh\u00e4ngig zu werden.<\/p>\n\n\n\n<p>Dazu hat der Gemeinderat bereits einen Grundsatzbeschluss gefasst, demzufolge die  Gemeinde energieautark werden m\u00f6chte. Auch beriet der Marktgemeinderat  am 27.10.2022 \u00fcber die grunds\u00e4tzlichen n\u00e4chsten Schritte der  Gemeinde auf diesem Weg. Auch Windenergie und W\u00e4rmeversorgung m\u00fcssen nat\u00fcrlich Teil des Gesamtpakets sein und gepr\u00fcft werden.  B\u00fcrgermeister Florian Mayer betonte, dass auch die  B\u00fcrgerinnen und B\u00fcrger selbst ihre Dachfl\u00e4chen kreativ f\u00fcr die  Stromerzeugung zur Verf\u00fcgung stellen k\u00f6nnten. Man m\u00fcsse sich zudem verl\u00e4ssige  Partner suchen, denn allein k\u00f6nne die Gemeinde dies aus seiner Sicht  nicht stemmen. <\/p>\n\n\n\n<p>Ernst Haile, der als Moderator durch den Abend f\u00fchrte, stellte \nzun\u00e4chst das Forum Zukunft vor. Es versteht sich als Plattform f\u00fcr alle \nAkteure im Bereich der Nachhaltigkeit im Landkreis. U.a. sind daraus die\n \u00d6komodellregion Paartal und das Projekt \u201eWittelsbacher Land bl\u00fcht und \nsummt\u201c hervorgegangen. Als lokaler Akteur ist das B\u00fcndnis \u201eNachhaltiges \nMering\u201c Teil des Forum Zukunft.<\/p>\n\n\n\n<p>Peter Mie\u00dfl, Vorstandsmitglied der BEG, erl\u00e4uterte die Aktivit\u00e4ten \nder Genossenschaft. Nach erfolgreicher Umsetzung zahlreicher Projekte im\n Landkreis Aichach-Friedberg und benachbarter Landkreise, kann sich \ndiese aktuell vor Anfragen kaum retten. Jede und jeder kann sich an der \nGenossenschaft mit einer Einlage zwischen 100 und 5.000 Euro beteiligen.\n Projekte werden meist \u00fcber Darlehen der Genossenschaftsmitglieder \nfinanziert, die dann mit 2% bis 4% verzinst werden. Auch die PV-Anlage \nauf der Kita Kapellenberg wurde so finanziert.<\/p>\n\n\n\n<p> Thomas Rebitzer aus Merching ist vielen als Energiepionier im Landkreis bekannt und au\u00dferdem Umweltpreistr\u00e4ger des Landkreises. Bei seinem neuesten Projekt ging er von der \u00dcberlegung aus, dass man Energie- und Nahrungsmittelerzeugung m\u00f6glichst optimal kombinieren m\u00fcsse. Hierzu entwickelte er zusammen mit seinen Sch\u00fclerinnen und Sch\u00fclern an der BOS Friedberg einen einzigartigen Typ der Agri-PV-Anlage. Die PV-Module sind drehbar, richten sich nach der Sonne aus und k\u00f6nnen senkrecht gestellt werden, so dass landwirtschaftliche Maschinen die Felder uneingeschr\u00e4nkt bearbeiten k\u00f6nnen. Auf diese Weise ist es m\u00f6glich, sowohl Strom als auch Nahrungsmittel auf der gleichen Fl\u00e4che mit gutem Ertrag zu ernten. Eine erste Anlage befindet sich an der Grenze zu Merchinger Flur. Sie fand bereits internationale Beachtung. <\/p>\n\n\n\n<p>Laura\nRebitzer, seine Tochter, stellte anschlie\u00dfend mit ihrem Gesch\u00e4ftspartner Till\nSkudelny das gemeinsam gegr\u00fcndete Unternehmen \u201eDoppelErnte\u201c vor. In jungen\nJahren konnte sie nicht immer die Begeisterung ihres Vaters teilen: \u201eAls\nTochter eines Pioniers aufzuwachsen, l\u00e4sst einen manchmal unter der kalten\nDusche verzweifeln, weil die neueste \u00d6ko-Konstruktion eines Heizungsimitats ausgefallen\nist. Pionierarbeit kann hart sein, aber nur durch Engagement und Erfindergeist\nfunktioniert eine echte Energiewende in B\u00fcrgerhand.\u201c\n\nNun\nsetzen sie mit der DoppelErnte GmbH gemeinsam \u00fcberregional Projekte mit dem\nAgri-PV-System um und beantworten die vielen Anfragen von Interessierten. Auch\nsteht ein Windradprojekt in Merching kurz vor dem Abschluss. An diesen und\nanderen Projekten ihres Unternehmens k\u00f6nnen sich B\u00fcrgerinnen und B\u00fcrger, auch\naus Mering, beteiligen. Frau Rebitzer beendete ihren Vortrag mit einem\nflammenden Appell an die G\u00e4ste, sich selbst zu engagieren und zu organisieren,\num die Energiewende in die eigenen H\u00e4nde zu nehmen.\n\n\n\n<\/p>\n\n\n\n<p>Im Anschluss an die Vortr\u00e4ge stellten sich die Beteiligten den Fragen  der G\u00e4ste. Die Fragen waren zahlreich und das Interesse gro\u00df, sich an  B\u00fcrgerenergieprojekten zu beteiligen. Es wird aber auch erwartet, dass die  Gemeinde hierf\u00fcr Unterst\u00fctzung leistet. Beratungsangebote sollten unbedingt Teil des Konzepts sein.<\/p>\n\n\n\n<p>Sehr kritisch gesehen wurde von einer Teilnehmerin die Rolle des  Energieversorgers Bayernwerk beim Anschluss ihrer PV-Anlage. Sie habe  bereits seit 6 Monaten eine betriebsbereite PV-Anlage auf dem Dach und  der Anschluss sei immer noch nicht freigeschaltet. Dies muss deutlich  schneller gehen, wenn man die Energiewende voranbringen will. B\u00fcrgerengagement darf nicht ausgebremst werden.<\/p>\n\n\n\n<p>Beifall fand Martin Scherer, der mit seiner Biogasanlage Schul- und  Sportzentrum mit Fernw\u00e4rme versorgt und damit schon einen beachtlichen  Beitrag zu Merings Energieversorgung leistet. Dieses Projekt wurde  ebenfalls bereits mit dem Umweltpreis des Landkreises ausgezeichnet.  Herr Scherer nahm die vielen Fragen zum Anlass, die G\u00e4ste auf seinen Hof  einzuladen und die dort installierten Anlagen zu besichtigen. Diese Angebot werde ich gern annehmen und bald eine Exkursion organisieren, wie sie das <a href=\"https:\/\/mering.info\/?p=3293\" target=\"_blank\" rel=\"noreferrer noopener\" aria-label=\"B\u00fcndnis &quot;Nachhaltige Mering&quot; schon einmal veranstaltet hat (\u00f6ffnet in neuem Tab)\">B\u00fcndnis &#8222;Nachhaltige Mering&#8220; schon einmal veranstaltet hat<\/a>.<\/p>\n\n\n\n<p>Ich freue mich sehr \u00fcber die gelungene Veranstaltung und das gro\u00dfe Interesse der B\u00fcrgerinnen und B\u00fcrger. Dies wird sicher dazu beitragen, Merings  Weg in die Energieautarkie zu beschleunigen. <\/p>\n\n\n\n<h4 class=\"wp-block-heading\">Hier k\u00f6nnen Sie die Vortr\u00e4ge des Abends herunterladen:<\/h4>\n\n\n\n<p> <a href=\"http:\/\/petravonthienen.de\/wp-content\/uploads\/2022\/11\/ForumZ_BEG_Energie-in-B\u00fcrgerhand-Mering.pdf\">Forum Zukunft und BEG<\/a> <\/p>\n\n\n\n<p><a href=\"http:\/\/petravonthienen.de\/wp-content\/uploads\/2022\/11\/DoppelErnte_Energie-in-Bu\u0308rgerhand-Mering-klein.pdf\">DoppelErnte GmbH<\/a><\/p>\n","protected":false},"excerpt":{"rendered":"<p>Der Klimawandel und Putins Krieg machen es \u00fcberdeutlich &#8211; wir m\u00fcssen  weg von fossilen Energietr\u00e4gern und am besten unseren Strom und unsere  W\u00e4rme selbst erzeugen.<br \/>\nNach zwei gut besuchten Veranstaltungen in  Friedberg zum Thema \u201eEnergie in B\u00fcrgerhand\u201c konnten sich auch die  Meringerinnen und Meringer an einem Abend \u00fcber dieses Thema informieren. <\/p>\n","protected":false},"author":2,"featured_media":845,"comment_status":"open","ping_status":"open","sticky":true,"template":"","format":"standard","meta":{"_jetpack_memberships_contains_paid_content":false,"footnotes":"","jetpack_publicize_message":"","jetpack_publicize_feature_enabled":true,"jetpack_social_post_already_shared":true,"jetpack_social_options":{"image_generator_settings":{"template":"highway","enabled":false}}},"categories":[4],"tags":[20,21],"jetpack_publicize_connections":[],"jetpack_sharing_enabled":true,"jetpack_featured_media_url":"https:\/\/i0.wp.com\/petravonthienen.de\/wp-content\/uploads\/2022\/11\/Energie-in-B\u00fcrgerhand.jpeg?fit=2048%2C1536&ssl=1","_links":{"self":[{"href":"https:\/\/petravonthienen.de\/index.php?rest_route=\/wp\/v2\/posts\/842"}],"collection":[{"href":"https:\/\/petravonthienen.de\/index.php?rest_route=\/wp\/v2\/posts"}],"about":[{"href":"https:\/\/petravonthienen.de\/index.php?rest_route=\/wp\/v2\/types\/post"}],"author":[{"embeddable":true,"href":"https:\/\/petravonthienen.de\/index.php?rest_route=\/wp\/v2\/users\/2"}],"replies":[{"embeddable":true,"href":"https:\/\/petravonthienen.de\/index.php?rest_route=%2Fwp%2Fv2%2Fcomments&post=842"}],"version-history":[{"count":9,"href":"https:\/\/petravonthienen.de\/index.php?rest_route=\/wp\/v2\/posts\/842\/revisions"}],"predecessor-version":[{"id":855,"href":"https:\/\/petravonthienen.de\/index.php?rest_route=\/wp\/v2\/posts\/842\/revisions\/855"}],"wp:featuredmedia":[{"embeddable":true,"href":"https:\/\/petravonthienen.de\/index.php?rest_route=\/wp\/v2\/media\/845"}],"wp:attachment":[{"href":"https:\/\/petravonthienen.de\/index.php?rest_route=%2Fwp%2Fv2%2Fmedia&parent=842"}],"wp:term":[{"taxonomy":"category","embeddable":true,"href":"https:\/\/petravonthienen.de\/index.php?rest_route=%2Fwp%2Fv2%2Fcategories&post=842"},{"taxonomy":"post_tag","embeddable":true,"href":"https:\/\/petravonthienen.de\/index.php?rest_route=%2Fwp%2Fv2%2Ftags&post=842"}],"curies":[{"name":"wp","href":"https:\/\/api.w.org\/{rel}","templated":true}]}}